{"id":10955,"date":"2025-09-02T19:57:22","date_gmt":"2025-09-02T17:57:22","guid":{"rendered":"https:\/\/www.snepfsu-bordeaux.net\/wp\/?p=10955"},"modified":"2025-09-02T20:01:25","modified_gmt":"2025-09-02T18:01:25","slug":"stage-tzr-eps-le-25-septembre-2025-a-bordeaux","status":"publish","type":"post","link":"https:\/\/www.snepfsu-bordeaux.net\/wp\/stage-tzr-eps-le-25-septembre-2025-a-bordeaux\/","title":{"rendered":"STAGE TZR EPS le 25 septembre 2025 \u00e0 Bordeaux"},"content":{"rendered":"\n<p><\/p>\n<p>Le SNEP-FSU Bordeaux organise\u00a0<strong>un stage d\u00e9di\u00e9 aux TZR pour toute l\u00a0\u2019acad\u00e9mie\u00a0<\/strong><\/p>\n<p> <\/p>\n<p><span style=\"color: #993300;\"><strong>Jeudi 25 septembre 2025<\/strong> (9h30 \/ 16h30).<\/span><\/p>\n<p> <\/p>\n<p>Il aura lieu au si\u00e8ge du SNEP-FSU 138 rue de Pessac \u00e0 Bordeaux.<\/p>\n<p> <\/p>\n<p><strong>Ce stage est de droit\u00a0<\/strong>et on ne peut vous le refuser, que vous soyez syndiqu\u00e9.e, ou pas encore !<\/p>\n<p> <\/p>\n<p><span style=\"background-color: #ffffff; color: #993300;\"><strong>Pour s\u2019inscrire\u00a0:<\/strong><\/span><\/p>\n<p> <\/p>\n<ul class=\"wp-block-list\">\n<li>Votre\u00a0<strong>demande d\u2019autorisation d\u2019absence,<\/strong>\u00a0<strong>\u00e0\u00a0<\/strong><strong>t\u00e9l\u00e9charger<\/strong>\u00a0<a href=\"https:\/\/www.snepfsu-bordeaux.net\/wp\/wp-content\/uploads\/2025\/09\/convocation-congres-TZR.doc\"><strong>ICI<\/strong><\/a>, doit \u00eatre d\u00e9pos\u00e9e au plus t\u00f4t aupr\u00e8s de votre chef d\u2019\u00e9tablissement (secr\u00e9tariat).<\/li>\n \n<li>Nous\u00a0<strong>avertir de votre participation en renseignant le sondage<\/strong><a href=\"https:\/\/docs.google.com\/forms\/d\/e\/1FAIpQLSdJz2heAWzqsAe6j8ry3ZNTvVQ1kbG10tQQbFJ66Dd_vUwdkA\/viewform?usp=header\"><strong>\u00a0ICI<\/strong><\/a><\/li>\n<\/ul>\n<p> <\/p>\n<p><span style=\"color: #993300;\"><strong>Les probl\u00e9matiques abord\u00e9es seront\u00a0:<\/strong><\/span><\/p>\n<p> <\/p>\n<ul class=\"wp-block-list\">\n<li>Gestion et affectations<\/li>\n \n<li>\u00c9tapes \u00e0 ne pas rater<\/li>\n \n<li>Cadre r\u00e8glementaire<\/li>\n \n<li>Obligations et droits collectifs<\/li>\n \n<li>Risque du m\u00e9tier<\/li>\n \n<li>Revendications et interventions \u00e0 porter<\/li>\n<\/ul>\n<p><\/p>\n","protected":false},"excerpt":{"rendered":"","protected":false},"author":13,"featured_media":0,"comment_status":"closed","ping_status":"open","sticky":false,"template":"","format":"standard","meta":{"colormag_page_container_layout":"default_layout","colormag_page_sidebar_layout":"default_layout","footnotes":""},"categories":[5,42,29],"tags":[],"class_list":["post-10955","post","type-post","status-publish","format-standard","hentry","category-actualite","category-stages","category-tzr"],"_links":{"self":[{"href":"https:\/\/www.snepfsu-bordeaux.net\/wp\/wp-json\/wp\/v2\/posts\/10955","targetHints":{"allow":["GET"]}}],"collection":[{"href":"https:\/\/www.snepfsu-bordeaux.net\/wp\/wp-json\/wp\/v2\/posts"}],"about":[{"href":"https:\/\/www.snepfsu-bordeaux.net\/wp\/wp-json\/wp\/v2\/types\/post"}],"author":[{"embeddable":true,"href":"https:\/\/www.snepfsu-bordeaux.net\/wp\/wp-json\/wp\/v2\/users\/13"}],"replies":[{"embeddable":true,"href":"https:\/\/www.snepfsu-bordeaux.net\/wp\/wp-json\/wp\/v2\/comments?post=10955"}],"version-history":[{"count":1,"href":"https:\/\/www.snepfsu-bordeaux.net\/wp\/wp-json\/wp\/v2\/posts\/10955\/revisions"}],"predecessor-version":[{"id":10956,"href":"https:\/\/www.snepfsu-bordeaux.net\/wp\/wp-json\/wp\/v2\/posts\/10955\/revisions\/10956"}],"wp:attachment":[{"href":"https:\/\/www.snepfsu-bordeaux.net\/wp\/wp-json\/wp\/v2\/media?parent=10955"}],"wp:term":[{"taxonomy":"category","embeddable":true,"href":"https:\/\/www.snepfsu-bordeaux.net\/wp\/wp-json\/wp\/v2\/categories?post=10955"},{"taxonomy":"post_tag","embeddable":true,"href":"https:\/\/www.snepfsu-bordeaux.net\/wp\/wp-json\/wp\/v2\/tags?post=10955"}],"curies":[{"name":"wp","href":"https:\/\/api.w.org\/{rel}","templated":true}]}}