{"id":1405,"date":"2017-12-07T10:51:43","date_gmt":"2017-12-07T08:51:43","guid":{"rendered":"http:\/\/www.snepfsu-bordeaux.net\/wp\/?p=1405"},"modified":"2017-12-07T10:51:43","modified_gmt":"2017-12-07T08:51:43","slug":"capa-avancement-jeudi-21-decembre-2017","status":"publish","type":"post","link":"https:\/\/www.snepfsu-bordeaux.net\/wp\/capa-avancement-jeudi-21-decembre-2017\/","title":{"rendered":"CAPA Avancement Jeudi 21 D\u00e9cembre 2017"},"content":{"rendered":"<p>La CAPA avancement des profs d&rsquo;EPS et CE d&rsquo;EPS aura lieu le Jeudi 21 D\u00e9cembre 2017 \u00e0 14h00.<\/p>\n<p>Voici la fiche \u00e0 renvoyer au plus vite si vous \u00eates promouvable cette ann\u00e9e (CAPA \u00ab\u00a0nouvelle carri\u00e8re\u00a0\u00bb avec rythme unique et acc\u00e9l\u00e9ration d&rsquo;un an possible du 6eme au 7eme et du 8eme au 9eme \u00e9chelon): <a href=\"http:\/\/www.snepfsu-bordeaux.net\/wp\/wp-content\/uploads\/2017\/12\/fiche_avanc18.pdf\">fiche_avanc18<\/a><\/p>\n<p>Pour toute info sur les carri\u00e8res voir l&rsquo;excellent bulletin PPCR: <a href=\"http:\/\/www.snepfsu.net\/bulencour\/939sup_ppcr.pdf\">http:\/\/www.snepfsu.net\/bulencour\/939sup_ppcr.pdf<\/a><\/p>\n<p>&nbsp;<\/p>\n","protected":false},"excerpt":{"rendered":"<p>La CAPA avancement des profs d&rsquo;EPS et CE d&rsquo;EPS aura lieu le Jeudi 21 D\u00e9cembre 2017 \u00e0 14h00. Voici la<\/p>\n","protected":false},"author":7,"featured_media":0,"comment_status":"closed","ping_status":"open","sticky":false,"template":"","format":"standard","meta":{"colormag_page_container_layout":"default_layout","colormag_page_sidebar_layout":"default_layout","footnotes":""},"categories":[18],"tags":[],"class_list":["post-1405","post","type-post","status-publish","format-standard","hentry","category-avancement-dechelon"],"_links":{"self":[{"href":"https:\/\/www.snepfsu-bordeaux.net\/wp\/wp-json\/wp\/v2\/posts\/1405","targetHints":{"allow":["GET"]}}],"collection":[{"href":"https:\/\/www.snepfsu-bordeaux.net\/wp\/wp-json\/wp\/v2\/posts"}],"about":[{"href":"https:\/\/www.snepfsu-bordeaux.net\/wp\/wp-json\/wp\/v2\/types\/post"}],"author":[{"embeddable":true,"href":"https:\/\/www.snepfsu-bordeaux.net\/wp\/wp-json\/wp\/v2\/users\/7"}],"replies":[{"embeddable":true,"href":"https:\/\/www.snepfsu-bordeaux.net\/wp\/wp-json\/wp\/v2\/comments?post=1405"}],"version-history":[{"count":1,"href":"https:\/\/www.snepfsu-bordeaux.net\/wp\/wp-json\/wp\/v2\/posts\/1405\/revisions"}],"predecessor-version":[{"id":1407,"href":"https:\/\/www.snepfsu-bordeaux.net\/wp\/wp-json\/wp\/v2\/posts\/1405\/revisions\/1407"}],"wp:attachment":[{"href":"https:\/\/www.snepfsu-bordeaux.net\/wp\/wp-json\/wp\/v2\/media?parent=1405"}],"wp:term":[{"taxonomy":"category","embeddable":true,"href":"https:\/\/www.snepfsu-bordeaux.net\/wp\/wp-json\/wp\/v2\/categories?post=1405"},{"taxonomy":"post_tag","embeddable":true,"href":"https:\/\/www.snepfsu-bordeaux.net\/wp\/wp-json\/wp\/v2\/tags?post=1405"}],"curies":[{"name":"wp","href":"https:\/\/api.w.org\/{rel}","templated":true}]}}