{"id":5852,"date":"2020-09-12T21:26:54","date_gmt":"2020-09-12T19:26:54","guid":{"rendered":"http:\/\/www.snepfsu-bordeaux.net\/wp\/?p=5852"},"modified":"2020-09-12T21:27:17","modified_gmt":"2020-09-12T19:27:17","slug":"capa-echelon-special","status":"publish","type":"post","link":"https:\/\/www.snepfsu-bordeaux.net\/wp\/capa-echelon-special\/","title":{"rendered":"CAPA \u00e9chelon sp\u00e9cial"},"content":{"rendered":"\n<p>La CAPA se tiendra le jeudi 24 septembre 2020 \u00e0 11h.<\/p>\n<p>Nous avons questionn\u00e9, sans r\u00e9ponse \u00e0 ce jour, le rectorat au sujet de la publication sur iprof des avis et appr\u00e9ciations car il est \u00e9crit dans la Note de service n\u00b0 2020-046 du 13-2-2020 : \u00a0\u00bb Ces avis prennent la forme d&rsquo;une appr\u00e9ciation litt\u00e9rale.\u00a0 Chaque agent promouvable pourra prendre connaissance des avis \u00e9mis sur son dossier dans un d\u00e9lai raisonnable avant la tenue de la commission administrative paritaire acad\u00e9mique.\u00a0\u00bb<\/p>\n<p>Nous nous demandons ce que \u00ab\u00a0raisonnable\u00a0\u00bb veut dire pour le rectorat&#8230;<\/p>\n","protected":false},"excerpt":{"rendered":"","protected":false},"author":19,"featured_media":0,"comment_status":"closed","ping_status":"open","sticky":false,"template":"","format":"standard","meta":{"colormag_page_container_layout":"default_layout","colormag_page_sidebar_layout":"default_layout","footnotes":""},"categories":[5,15,109,16],"tags":[],"class_list":["post-5852","post","type-post","status-publish","format-standard","hentry","category-actualite","category-corpo","category-classe-exc-p-eps","category-prof-eps-et-ce-eps"],"_links":{"self":[{"href":"https:\/\/www.snepfsu-bordeaux.net\/wp\/wp-json\/wp\/v2\/posts\/5852","targetHints":{"allow":["GET"]}}],"collection":[{"href":"https:\/\/www.snepfsu-bordeaux.net\/wp\/wp-json\/wp\/v2\/posts"}],"about":[{"href":"https:\/\/www.snepfsu-bordeaux.net\/wp\/wp-json\/wp\/v2\/types\/post"}],"author":[{"embeddable":true,"href":"https:\/\/www.snepfsu-bordeaux.net\/wp\/wp-json\/wp\/v2\/users\/19"}],"replies":[{"embeddable":true,"href":"https:\/\/www.snepfsu-bordeaux.net\/wp\/wp-json\/wp\/v2\/comments?post=5852"}],"version-history":[{"count":1,"href":"https:\/\/www.snepfsu-bordeaux.net\/wp\/wp-json\/wp\/v2\/posts\/5852\/revisions"}],"predecessor-version":[{"id":5853,"href":"https:\/\/www.snepfsu-bordeaux.net\/wp\/wp-json\/wp\/v2\/posts\/5852\/revisions\/5853"}],"wp:attachment":[{"href":"https:\/\/www.snepfsu-bordeaux.net\/wp\/wp-json\/wp\/v2\/media?parent=5852"}],"wp:term":[{"taxonomy":"category","embeddable":true,"href":"https:\/\/www.snepfsu-bordeaux.net\/wp\/wp-json\/wp\/v2\/categories?post=5852"},{"taxonomy":"post_tag","embeddable":true,"href":"https:\/\/www.snepfsu-bordeaux.net\/wp\/wp-json\/wp\/v2\/tags?post=5852"}],"curies":[{"name":"wp","href":"https:\/\/api.w.org\/{rel}","templated":true}]}}