{"id":6066,"date":"2020-10-15T11:57:18","date_gmt":"2020-10-15T09:57:18","guid":{"rendered":"http:\/\/www.snepfsu-bordeaux.net\/wp\/?p=6066"},"modified":"2020-10-15T11:57:20","modified_gmt":"2020-10-15T09:57:20","slug":"alerte-rouge-sur-linactivite-physique","status":"publish","type":"post","link":"https:\/\/www.snepfsu-bordeaux.net\/wp\/alerte-rouge-sur-linactivite-physique\/","title":{"rendered":"\u00ab\u00a0ALERTE ROUGE SUR L\u2019INACTIVITE PHYSIQUE\u00a0\u00bb"},"content":{"rendered":"\n<table style=\"width: 100%; height: 2102px;\" width=\"590\">\n<tbody>\n<tr style=\"height: 24px;\">\n<td style=\"height: 24px;\">\u00a0<\/td>\n<\/tr>\n<tr style=\"height: 30px;\">\n<td style=\"height: 30px;\">\u00a0<\/td>\n<\/tr>\n<tr style=\"height: 559px;\">\n<td style=\"height: 559px;\">\n<table width=\"100%\">\n<tbody>\n<tr>\n<td>\n<table width=\"100%\">\n<tbody>\n<tr>\n<td>\n<table width=\"100%\">\n<tbody>\n<tr>\n<th width=\"180\">\n<table width=\"180\">\n<tbody>\n<tr>\n<td width=\"100%\">\u00a0<\/td>\n<\/tr>\n<\/tbody>\n<\/table>\n<\/th>\n<th>\n<table width=\"350\">\n<tbody>\n<tr>\n<td>\n<p>Le secteur \u00e9ducatif acad\u00e9mique du SNEP -FSU Bordeaux organise une<\/p>\n<p><br \/><strong>JOURNEE DE L\u2019EPS<br \/>sur les probl\u00e8mes et questionnements que suscitent la r\u00e9forme et les nouveaux r\u00e9f\u00e9rentiels du BAC, BAC pro et CAP<br \/>le jeudi 10 d\u00e9cembre<br \/><em>au lyc\u00e9e Gustave Eiffel (proche de la gare de Bordeaux)<\/em><\/strong><\/p>\n<p><strong><em>avec la participation de <\/em><\/strong><strong><em>S\u00e9verine BERTRAND<\/em><\/strong><strong><em> (groupe \u00e9ducatif national) &amp; <\/em><\/strong><strong><em>Andjelko SVRDLIN<\/em><\/strong><strong><em> (secr\u00e9taire national, groupe \u00e9ducatif)<\/em><\/strong><\/p>\n<\/td>\n<\/tr>\n<\/tbody>\n<\/table>\n<\/th>\n<\/tr>\n<\/tbody>\n<\/table>\n<\/td>\n<\/tr>\n<\/tbody>\n<\/table>\n<\/td>\n<\/tr>\n<\/tbody>\n<\/table>\n<\/td>\n<\/tr>\n<tr style=\"height: 527px;\">\n<td style=\"height: 527px;\">\n<table width=\"100%\">\n<tbody>\n<tr>\n<td>\n<table width=\"100%\">\n<tbody>\n<tr>\n<td>\u00a0<\/td>\n<\/tr>\n<tr>\n<td>\n<table width=\"100%\">\n<tbody>\n<tr>\n<th>\n<table width=\"100%\">\n<tbody>\n<tr>\n<td>\n<p>Cette journ\u00e9e s\u2019inscrit dans une <strong>semaine de l\u2019EPS<\/strong> port\u00e9e jusqu\u2019au-del\u00e0 du SNEP par tous les enseignants d\u2019EPS tant l&rsquo;inactivit\u00e9 physique chez les jeunes devient un fl\u00e9au national ; il est urgent que l\u2019EPS favorise avant tout la motricit\u00e9.<br \/><br \/>C\u2019est une journ\u00e9e qui doit permettre de faire le point sur le travail de chaque \u00e9quipe de lyc\u00e9e et lyc\u00e9e professionnel sur les <strong>nouveaux r\u00e9f\u00e9rentiels<\/strong> et faire percevoir \u00e0 l\u2019inspection les difficult\u00e9s qu\u2019engendre cette r\u00e9forme sur le terrain et la r\u00e9duction drastique du temps d\u2019apprentissage moteur.<\/p>\n<p><strong>Pour cela, renseigner l&rsquo;enqu\u00eate du secteur \u00e9ducatif est indispensable !<\/strong><\/p>\n<\/td>\n<\/tr>\n<\/tbody>\n<\/table>\n<\/th>\n<\/tr>\n<\/tbody>\n<\/table>\n<\/td>\n<\/tr>\n<tr>\n<td>\u00a0<\/td>\n<\/tr>\n<\/tbody>\n<\/table>\n<\/td>\n<\/tr>\n<\/tbody>\n<\/table>\n<\/td>\n<\/tr>\n<tr style=\"height: 128px;\">\n<td style=\"height: 128px;\">\n<table width=\"100%\">\n<tbody>\n<tr>\n<td>\n<table width=\"100%\">\n<tbody>\n<tr>\n<td>\u00a0<\/td>\n<\/tr>\n<tr>\n<td>\n<table width=\"100%\">\n<tbody>\n<tr>\n<th>\n<table width=\"550\">\n<tbody>\n<tr>\n<td>\n<table>\n<tbody>\n<tr>\n<td width=\"auto\"><a href=\"https:\/\/2zqod.r.ag.d.sendibm3.com\/mk\/cl\/f\/BHZmu4JI_A9Fq2mwoUVbLwI_nwL8jyYU_XJeCwhIkxhmS2RCzpyD1ReE-GmpAp3iN5Cmgf3R1GWHCag8eEZfCVN5dOLSG0MZi_F5eb5aHWWeDkW1Dfqh4C2hcCxCGcN36jYmQ8C1XJ0pXuxSm1tyG_TKTJO4CSn1VdDQZjXAy0VgPDrtGYKy9mu1KrBd2HYqNcS2ATfgPTYmoq9zIdeBY5BtMFY48pYPGIUMTjLaDy0EnqN3d4GJew5mwh5IiHxoVkSSwk8o7ZcPY5Tu1v8prKH9TDyCvWjccQbVaAIE7y7c\"><strong>R\u00e9pondre \u00e0 l&rsquo;enqu\u00eate du secteur \u00e9ducatif<\/strong><\/a><\/td>\n<\/tr>\n<\/tbody>\n<\/table>\n<\/td>\n<\/tr>\n<\/tbody>\n<\/table>\n<\/th>\n<\/tr>\n<\/tbody>\n<\/table>\n<\/td>\n<\/tr>\n<tr>\n<td>\u00a0<\/td>\n<\/tr>\n<\/tbody>\n<\/table>\n<\/td>\n<\/tr>\n<\/tbody>\n<\/table>\n<\/td>\n<\/tr>\n<tr style=\"height: 498px;\">\n<td style=\"height: 498px;\">\n<table style=\"width: 98.01%; height: 488px;\" width=\"100%\">\n<tbody>\n<tr style=\"height: 488px;\">\n<td style=\"height: 488px;\">\n<table width=\"100%\">\n<tbody>\n<tr>\n<td>\u00a0<\/td>\n<\/tr>\n<tr>\n<td>\n<table width=\"100%\">\n<tbody>\n<tr>\n<th>\n<table width=\"100%\">\n<tbody>\n<tr>\n<td>\n<p>C\u2019est aussi une journ\u00e9e qui doit orienter et organiser la diffusion de l&rsquo;information sur le <strong>moratoire<\/strong> demand\u00e9 par le SNEP FSU relatif \u00e0 l\u2019application des r\u00e9f\u00e9rentiels BAC, pour l\u2019\u00e9criture et la remise des r\u00e9f\u00e9rentiels BAC pro et CAP au moins pour l\u2019ann\u00e9e en cours afin de pouvoir analyser sans pr\u00e9cipitation les retours du terrain.<br \/><br \/>Nous utiliserons enfin cette journ\u00e9e pour construire des <strong>propositions innovantes<\/strong> pour une avanc\u00e9e p\u00e9dagogique en EP.<\/p>\n<p><br \/><strong>Le secteur \u00e9ducatif du SNEP FSU Bordeaux<\/strong><\/p>\n<\/td>\n<\/tr>\n<\/tbody>\n<\/table>\n<\/th>\n<\/tr>\n<\/tbody>\n<\/table>\n<\/td>\n<\/tr>\n<tr>\n<td>\u00a0<\/td>\n<\/tr>\n<\/tbody>\n<\/table>\n<\/td>\n<\/tr>\n<\/tbody>\n<\/table>\n<\/td>\n<\/tr>\n<tr style=\"height: 149px;\">\n<td style=\"height: 149px;\">\n<table width=\"100%\">\n<tbody>\n<tr>\n<td>\n<table width=\"100%\">\n<tbody>\n<tr>\n<td>\u00a0<\/td>\n<\/tr>\n<tr>\n<td>\n<table width=\"100%\">\n<tbody>\n<tr>\n<th>\n<table width=\"550\">\n<tbody>\n<tr>\n<td>\n<table>\n<tbody>\n<tr>\n<td width=\"auto\"><a href=\"https:\/\/2zqod.r.ag.d.sendibm3.com\/mk\/cl\/f\/jU-tmlWYUB9VF-RgntpRZBckm9B7hQz8GiFuOZCatfFDxarOusvIXXzLb88WbMEQ58wV1_tp4yTJTGxuT2wSQwm493uLqBjlT5WWJscC0Zo9aiq6qtJAcDKt1Cz5gIPK5pe9FiXpDZjfqcZOT94-28dJtv4lotx1ebClVU1tjiQJIpECcAAtz29OEAWJI-UCu7nvYhHeU2bkbAHzh-BxHIFdjevuHEAzBHWqyazY3Ns0j8cdhVYZYRJGj2bSARJUm-J5_odeM0CASotjVbHd0v4ajTlc4rl23ccoepuOiM09\"><strong>CLIQUER ICI POUR S&rsquo;INSCRIRE<br \/>A LA JOURNEE DU 10 DECEMBRE<\/strong><\/a><\/td>\n<\/tr>\n<\/tbody>\n<\/table>\n<\/td>\n<\/tr>\n<\/tbody>\n<\/table>\n<\/th>\n<\/tr>\n<\/tbody>\n<\/table>\n<\/td>\n<\/tr>\n<tr>\n<td>\u00a0<\/td>\n<\/tr>\n<\/tbody>\n<\/table>\n<\/td>\n<\/tr>\n<\/tbody>\n<\/table>\n<\/td>\n<\/tr>\n<tr style=\"height: 44px;\">\n<td style=\"height: 44px;\">\u00a0<\/td>\n<\/tr>\n<tr style=\"height: 143px;\">\n<td style=\"height: 143px;\">\n<table width=\"100%\">\n<tbody>\n<tr>\n<td>\n<table width=\"100%\">\n<tbody>\n<tr>\n<td>\u00a0<\/td>\n<\/tr>\n<tr>\n<td>\n<table width=\"100%\">\n<tbody>\n<tr>\n<th>\n<table width=\"550\">\n<tbody>\n<tr>\n<td>\n<table>\n<tbody>\n<tr>\n<td width=\"auto\"><a href=\"https:\/\/2zqod.r.ag.d.sendibm3.com\/mk\/cl\/f\/xNe4Ax3ZJjefn--VT6GhsXN9zvwJBVTiH0zpdCdRnQKF1NR2CuJHcbRj01gRFnYFUfgT_tSxndY9TbyFT_sXzT1B1oGKv5iJefn3liEm2Q6BxGCN-BVRv6YjJLntQnjrxxS-dt6l6Hk2CQaarPlCJwN13L6jqDS-Ih3pl9uKIZ02mTcaWBQeajm6X04eK6MFVUNtjBiQhkZ59vtZFN4psqKMTWUsE6GWzN0POEBB6E1azdNj4fi2l3YuSNBb2Nw1dBflqwdyslr_2Toz7FbpwlMG\"><strong>T\u00e9l\u00e9charger la demande de stage<br \/>(\u00e0 d\u00e9poser au plus tard le 10 novembre 2020 au secr\u00e9tariat de l&rsquo;\u00e9tablissement)<\/strong><\/a><\/td>\n<\/tr>\n<\/tbody>\n<\/table>\n<\/td>\n<\/tr>\n<\/tbody>\n<\/table>\n<\/th>\n<\/tr>\n<\/tbody>\n<\/table>\n<\/td>\n<\/tr>\n<\/tbody>\n<\/table>\n<\/td>\n<\/tr>\n<\/tbody>\n<\/table>\n<\/td>\n<\/tr>\n<\/tbody>\n<\/table>\n","protected":false},"excerpt":{"rendered":"","protected":false},"author":24,"featured_media":0,"comment_status":"closed","ping_status":"open","sticky":false,"template":"","format":"standard","meta":{"colormag_page_container_layout":"default_layout","colormag_page_sidebar_layout":"default_layout","footnotes":""},"categories":[5,51,44,42],"tags":[],"class_list":["post-6066","post","type-post","status-publish","format-standard","hentry","category-actualite","category-peda-fpc","category-procedure-dinscription","category-stages"],"_links":{"self":[{"href":"https:\/\/www.snepfsu-bordeaux.net\/wp\/wp-json\/wp\/v2\/posts\/6066","targetHints":{"allow":["GET"]}}],"collection":[{"href":"https:\/\/www.snepfsu-bordeaux.net\/wp\/wp-json\/wp\/v2\/posts"}],"about":[{"href":"https:\/\/www.snepfsu-bordeaux.net\/wp\/wp-json\/wp\/v2\/types\/post"}],"author":[{"embeddable":true,"href":"https:\/\/www.snepfsu-bordeaux.net\/wp\/wp-json\/wp\/v2\/users\/24"}],"replies":[{"embeddable":true,"href":"https:\/\/www.snepfsu-bordeaux.net\/wp\/wp-json\/wp\/v2\/comments?post=6066"}],"version-history":[{"count":1,"href":"https:\/\/www.snepfsu-bordeaux.net\/wp\/wp-json\/wp\/v2\/posts\/6066\/revisions"}],"predecessor-version":[{"id":6067,"href":"https:\/\/www.snepfsu-bordeaux.net\/wp\/wp-json\/wp\/v2\/posts\/6066\/revisions\/6067"}],"wp:attachment":[{"href":"https:\/\/www.snepfsu-bordeaux.net\/wp\/wp-json\/wp\/v2\/media?parent=6066"}],"wp:term":[{"taxonomy":"category","embeddable":true,"href":"https:\/\/www.snepfsu-bordeaux.net\/wp\/wp-json\/wp\/v2\/categories?post=6066"},{"taxonomy":"post_tag","embeddable":true,"href":"https:\/\/www.snepfsu-bordeaux.net\/wp\/wp-json\/wp\/v2\/tags?post=6066"}],"curies":[{"name":"wp","href":"https:\/\/api.w.org\/{rel}","templated":true}]}}